{"id":3829,"date":"2025-10-18T10:04:09","date_gmt":"2025-10-18T08:04:09","guid":{"rendered":"https:\/\/www.bepindeeto.it\/?p=3829"},"modified":"2025-10-23T10:04:10","modified_gmt":"2025-10-23T08:04:10","slug":"banksy-in-conegliano-wenn-die-urbane-kunst-auf-die-hugel-trifft","status":"publish","type":"post","link":"https:\/\/www.bepindeeto.it\/de\/banksy-in-conegliano-wenn-die-urbane-kunst-auf-die-hugel-trifft\/","title":{"rendered":"Banksy in Conegliano: wenn die urbane Kunst auf die H\u00fcgel trifft"},"content":{"rendered":"<h2>Vom 15. Oktober 2025 bis zum 22. M\u00e4rz 2026 beherbergt der Palazzo Sarcinelli in Conegliano <a href=\"https:\/\/www.artikaeventi.com\/banksy.html\" target=\"_blank\" rel=\"noopener\">&#8222;Banksy e la Street Art&#8220;<\/a>, eine Ausstellung, die die rebellische und provokatorische Stimme der zeitgen\u00f6ssischen Stra\u00dfenkunst in das Herz unserer H\u00fcgel bringt.<br \/>\nDer sich profilierende Kontrast ist faszinierend: die Werke eines der r\u00e4tselhaftesten K\u00fcnstler unserer Zeit finden Unterkunft in einem historischen Palazzo <strong>und verstehen genau wie unsere Weine, gleichzeitig Bewahrer einer jahrhundertealten Tradition und Interpreten eines zeitgen\u00f6ssischen Geistes zu sein. <\/strong>Banksy, zwischen Sch\u00f6nheit und Gesellschaftskritik, Ironie und Tiefgang, erinnert uns daran, <strong>dass Kunst ebenso wie Wein, in der Lage sein muss, zu ihrer Zeit zu sprechen, ohne ihre Wurzeln zu vergessen.<\/strong><br \/>\nBeim Entdecken dieser au\u00dfergew\u00f6hnlichen Ausstellung laden wir Sie ein, die Reise zu Bepin De Etofortzusetzen, wo wir versuchen \u2013 zwischen Reihen und F\u00e4ssern \u2013 in jeder Flasche die authentische Seele einer Region, die immer wieder aufs Neue \u00fcberrascht, einzufangen.<\/h2>\n","protected":false},"excerpt":{"rendered":"<p>Vom 15. Oktober 2025 bis zum 22. M\u00e4rz 2026 beherbergt der Palazzo Sarcinelli in Conegliano &#8222;Banksy e la Street Art&#8220;, eine Ausstellung, die die rebellische und provokatorische Stimme der zeitgen\u00f6ssischen Stra\u00dfenkunst in das Herz unserer H\u00fcgel bringt. Der sich profilierende Kontrast ist faszinierend: die Werke eines der r\u00e4tselhaftesten K\u00fcnstler unserer Zeit finden Unterkunft in einem\u2026 <a href=\"https:\/\/www.bepindeeto.it\/de\/banksy-in-conegliano-wenn-die-urbane-kunst-auf-die-hugel-trifft\/\">Read More &raquo;<\/a><\/p>\n","protected":false},"author":1,"featured_media":3810,"comment_status":"closed","ping_status":"closed","sticky":false,"template":"","format":"standard","meta":{"_et_pb_use_builder":"","_et_pb_old_content":"","_et_gb_content_width":"","footnotes":""},"categories":[207,112,105,194,111,108],"tags":[208],"class_list":["post-3829","post","type-post","status-publish","format-standard","has-post-thumbnail","hentry","category-bansky-de","category-conegliano-de","category-conegliano-valdobbiadene-de","category-oktober-2025","category-veneto-de","category-veranstaltungen","tag-bansky-de"],"yoast_head":"<!-- This site is optimized with the Yoast SEO plugin v27.2 - https:\/\/yoast.com\/product\/yoast-seo-wordpress\/ -->\n<title>Banksy in Conegliano: Urban Art trifft auf die H\u00fcgel<\/title>\n<meta name=\"description\" content=\"In Conegliano bringt die Ausstellung \u201eBanksy und Street Art\u201c urbane Kunst in die H\u00fcgel, wo Tradition und Moderne aufeinandertreffen.\" \/>\n<meta name=\"robots\" content=\"index, follow, max-snippet:-1, max-image-preview:large, max-video-preview:-1\" \/>\n<link rel=\"canonical\" href=\"https:\/\/www.bepindeeto.it\/banksy-a-conegliano-quando-larte-urbana-incontra-le-colline\/\" \/>\n<meta property=\"og:locale\" content=\"de_DE\" \/>\n<meta property=\"og:type\" content=\"article\" \/>\n<meta property=\"og:title\" content=\"Banksy in Conegliano: Urban Art trifft auf die H\u00fcgel\" \/>\n<meta property=\"og:description\" content=\"In Conegliano bringt die Ausstellung \u201eBanksy und Street Art\u201c urbane Kunst in die H\u00fcgel, wo Tradition und Moderne aufeinandertreffen.\" \/>\n<meta property=\"og:url\" content=\"https:\/\/www.bepindeeto.it\/banksy-a-conegliano-quando-larte-urbana-incontra-le-colline\/\" \/>\n<meta property=\"og:site_name\" content=\"bepindeeto.it\" \/>\n<meta property=\"article:publisher\" content=\"https:\/\/www.facebook.com\/cantinabepindeeto\" \/>\n<meta property=\"article:published_time\" content=\"2025-10-18T08:04:09+00:00\" \/>\n<meta property=\"article:modified_time\" content=\"2025-10-23T08:04:10+00:00\" \/>\n<meta property=\"og:image\" content=\"https:\/\/www.bepindeeto.it\/wp-content\/uploads\/2025\/10\/Bepin-De-Eto-Bansky-e-la-street-art-Conegliano-1080x720-1.avif\" \/>\n\t<meta property=\"og:image:width\" content=\"1080\" \/>\n\t<meta property=\"og:image:height\" content=\"720\" \/>\n\t<meta property=\"og:image:type\" content=\"image\/jpeg\" \/>\n<meta name=\"author\" content=\"admin\" \/>\n<meta name=\"twitter:card\" content=\"summary_large_image\" \/>\n<meta name=\"twitter:label1\" content=\"Verfasst von\" \/>\n\t<meta name=\"twitter:data1\" content=\"admin\" \/>\n\t<meta name=\"twitter:label2\" content=\"Gesch\u00e4tzte Lesezeit\" \/>\n\t<meta name=\"twitter:data2\" content=\"1\u00a0Minute\" \/>\n<script type=\"application\/ld+json\" class=\"yoast-schema-graph\">{\"@context\":\"https:\/\/schema.org\",\"@graph\":[{\"@type\":\"Article\",\"@id\":\"https:\/\/www.bepindeeto.it\/banksy-a-conegliano-quando-larte-urbana-incontra-le-colline\/#article\",\"isPartOf\":{\"@id\":\"https:\/\/www.bepindeeto.it\/banksy-a-conegliano-quando-larte-urbana-incontra-le-colline\/\"},\"author\":{\"name\":\"admin\",\"@id\":\"https:\/\/www.bepindeeto.it\/#\/schema\/person\/a4b9d50b3b0c3fed7c1ac1eb04421ab0\"},\"headline\":\"Banksy in Conegliano: wenn die urbane Kunst auf die H\u00fcgel trifft\",\"datePublished\":\"2025-10-18T08:04:09+00:00\",\"dateModified\":\"2025-10-23T08:04:10+00:00\",\"mainEntityOfPage\":{\"@id\":\"https:\/\/www.bepindeeto.it\/banksy-a-conegliano-quando-larte-urbana-incontra-le-colline\/\"},\"wordCount\":162,\"publisher\":{\"@id\":\"https:\/\/www.bepindeeto.it\/#organization\"},\"image\":{\"@id\":\"https:\/\/www.bepindeeto.it\/banksy-a-conegliano-quando-larte-urbana-incontra-le-colline\/#primaryimage\"},\"thumbnailUrl\":\"https:\/\/www.bepindeeto.it\/wp-content\/uploads\/2025\/10\/Bepin-De-Eto-Bansky-e-la-street-art-Conegliano-1080x720-1.avif\",\"keywords\":[\"bansky\"],\"articleSection\":[\"Bansky\",\"Conegliano\",\"Conegliano Valdobbiadene\",\"Oktober 2025\",\"Veneto\",\"Veranstaltungen\"],\"inLanguage\":\"de\"},{\"@type\":\"WebPage\",\"@id\":\"https:\/\/www.bepindeeto.it\/banksy-a-conegliano-quando-larte-urbana-incontra-le-colline\/\",\"url\":\"https:\/\/www.bepindeeto.it\/banksy-a-conegliano-quando-larte-urbana-incontra-le-colline\/\",\"name\":\"Banksy in Conegliano: Urban Art trifft auf die H\u00fcgel\",\"isPartOf\":{\"@id\":\"https:\/\/www.bepindeeto.it\/#website\"},\"primaryImageOfPage\":{\"@id\":\"https:\/\/www.bepindeeto.it\/banksy-a-conegliano-quando-larte-urbana-incontra-le-colline\/#primaryimage\"},\"image\":{\"@id\":\"https:\/\/www.bepindeeto.it\/banksy-a-conegliano-quando-larte-urbana-incontra-le-colline\/#primaryimage\"},\"thumbnailUrl\":\"https:\/\/www.bepindeeto.it\/wp-content\/uploads\/2025\/10\/Bepin-De-Eto-Bansky-e-la-street-art-Conegliano-1080x720-1.avif\",\"datePublished\":\"2025-10-18T08:04:09+00:00\",\"dateModified\":\"2025-10-23T08:04:10+00:00\",\"description\":\"In Conegliano bringt die Ausstellung \u201eBanksy und Street Art\u201c urbane Kunst in die H\u00fcgel, wo Tradition und Moderne aufeinandertreffen.\",\"breadcrumb\":{\"@id\":\"https:\/\/www.bepindeeto.it\/banksy-a-conegliano-quando-larte-urbana-incontra-le-colline\/#breadcrumb\"},\"inLanguage\":\"de\",\"potentialAction\":[{\"@type\":\"ReadAction\",\"target\":[\"https:\/\/www.bepindeeto.it\/banksy-a-conegliano-quando-larte-urbana-incontra-le-colline\/\"]}]},{\"@type\":\"ImageObject\",\"inLanguage\":\"de\",\"@id\":\"https:\/\/www.bepindeeto.it\/banksy-a-conegliano-quando-larte-urbana-incontra-le-colline\/#primaryimage\",\"url\":\"https:\/\/www.bepindeeto.it\/wp-content\/uploads\/2025\/10\/Bepin-De-Eto-Bansky-e-la-street-art-Conegliano-1080x720-1.avif\",\"contentUrl\":\"https:\/\/www.bepindeeto.it\/wp-content\/uploads\/2025\/10\/Bepin-De-Eto-Bansky-e-la-street-art-Conegliano-1080x720-1.avif\",\"width\":1080,\"height\":720,\"caption\":\"Bepin De Eto Bansky e la street art - Conegliano 1080x720\"},{\"@type\":\"BreadcrumbList\",\"@id\":\"https:\/\/www.bepindeeto.it\/banksy-a-conegliano-quando-larte-urbana-incontra-le-colline\/#breadcrumb\",\"itemListElement\":[{\"@type\":\"ListItem\",\"position\":1,\"name\":\"Home\",\"item\":\"https:\/\/www.bepindeeto.it\/de\/startseite\/\"},{\"@type\":\"ListItem\",\"position\":2,\"name\":\"Banksy in Conegliano: wenn die urbane Kunst auf die H\u00fcgel trifft\"}]},{\"@type\":\"WebSite\",\"@id\":\"https:\/\/www.bepindeeto.it\/#website\",\"url\":\"https:\/\/www.bepindeeto.it\/\",\"name\":\"bepindeeto.it\",\"description\":\"Vino. Opera di Famiglia. Dal 1965.\",\"publisher\":{\"@id\":\"https:\/\/www.bepindeeto.it\/#organization\"},\"potentialAction\":[{\"@type\":\"SearchAction\",\"target\":{\"@type\":\"EntryPoint\",\"urlTemplate\":\"https:\/\/www.bepindeeto.it\/?s={search_term_string}\"},\"query-input\":{\"@type\":\"PropertyValueSpecification\",\"valueRequired\":true,\"valueName\":\"search_term_string\"}}],\"inLanguage\":\"de\"},{\"@type\":\"Organization\",\"@id\":\"https:\/\/www.bepindeeto.it\/#organization\",\"name\":\"bepindeeto.it\",\"url\":\"https:\/\/www.bepindeeto.it\/\",\"logo\":{\"@type\":\"ImageObject\",\"inLanguage\":\"de\",\"@id\":\"https:\/\/www.bepindeeto.it\/#\/schema\/logo\/image\/\",\"url\":\"https:\/\/www.bepindeeto.it\/wp-content\/uploads\/2024\/05\/Bepin-De-Eto-Logo-v-3.svg\",\"contentUrl\":\"https:\/\/www.bepindeeto.it\/wp-content\/uploads\/2024\/05\/Bepin-De-Eto-Logo-v-3.svg\",\"width\":175,\"height\":204,\"caption\":\"bepindeeto.it\"},\"image\":{\"@id\":\"https:\/\/www.bepindeeto.it\/#\/schema\/logo\/image\/\"},\"sameAs\":[\"https:\/\/www.facebook.com\/cantinabepindeeto\",\"https:\/\/www.instagram.com\/bepin_de_eto\/\"]},{\"@type\":\"Person\",\"@id\":\"https:\/\/www.bepindeeto.it\/#\/schema\/person\/a4b9d50b3b0c3fed7c1ac1eb04421ab0\",\"name\":\"admin\",\"image\":{\"@type\":\"ImageObject\",\"inLanguage\":\"de\",\"@id\":\"https:\/\/www.bepindeeto.it\/wp-content\/litespeed\/avatar\/d48105e290dcb65276db0d55393ecabe.jpg?ver=1776893343\",\"url\":\"https:\/\/www.bepindeeto.it\/wp-content\/litespeed\/avatar\/d48105e290dcb65276db0d55393ecabe.jpg?ver=1776893343\",\"contentUrl\":\"https:\/\/www.bepindeeto.it\/wp-content\/litespeed\/avatar\/d48105e290dcb65276db0d55393ecabe.jpg?ver=1776893343\",\"caption\":\"admin\"},\"sameAs\":[\"https:\/\/www.bepindeeto.it\"],\"url\":\"https:\/\/www.bepindeeto.it\/de\/author\/webmaster_5h6q70o6\/\"}]}<\/script>\n<!-- \/ Yoast SEO plugin. -->","yoast_head_json":{"title":"Banksy in Conegliano: Urban Art trifft auf die H\u00fcgel","description":"In Conegliano bringt die Ausstellung \u201eBanksy und Street Art\u201c urbane Kunst in die H\u00fcgel, wo Tradition und Moderne aufeinandertreffen.","robots":{"index":"index","follow":"follow","max-snippet":"max-snippet:-1","max-image-preview":"max-image-preview:large","max-video-preview":"max-video-preview:-1"},"canonical":"https:\/\/www.bepindeeto.it\/banksy-a-conegliano-quando-larte-urbana-incontra-le-colline\/","og_locale":"de_DE","og_type":"article","og_title":"Banksy in Conegliano: Urban Art trifft auf die H\u00fcgel","og_description":"In Conegliano bringt die Ausstellung \u201eBanksy und Street Art\u201c urbane Kunst in die H\u00fcgel, wo Tradition und Moderne aufeinandertreffen.","og_url":"https:\/\/www.bepindeeto.it\/banksy-a-conegliano-quando-larte-urbana-incontra-le-colline\/","og_site_name":"bepindeeto.it","article_publisher":"https:\/\/www.facebook.com\/cantinabepindeeto","article_published_time":"2025-10-18T08:04:09+00:00","article_modified_time":"2025-10-23T08:04:10+00:00","og_image":[{"width":1080,"height":720,"url":"https:\/\/www.bepindeeto.it\/wp-content\/uploads\/2025\/10\/Bepin-De-Eto-Bansky-e-la-street-art-Conegliano-1080x720-1.avif","type":"image\/jpeg"}],"author":"admin","twitter_card":"summary_large_image","twitter_misc":{"Verfasst von":"admin","Gesch\u00e4tzte Lesezeit":"1\u00a0Minute"},"schema":{"@context":"https:\/\/schema.org","@graph":[{"@type":"Article","@id":"https:\/\/www.bepindeeto.it\/banksy-a-conegliano-quando-larte-urbana-incontra-le-colline\/#article","isPartOf":{"@id":"https:\/\/www.bepindeeto.it\/banksy-a-conegliano-quando-larte-urbana-incontra-le-colline\/"},"author":{"name":"admin","@id":"https:\/\/www.bepindeeto.it\/#\/schema\/person\/a4b9d50b3b0c3fed7c1ac1eb04421ab0"},"headline":"Banksy in Conegliano: wenn die urbane Kunst auf die H\u00fcgel trifft","datePublished":"2025-10-18T08:04:09+00:00","dateModified":"2025-10-23T08:04:10+00:00","mainEntityOfPage":{"@id":"https:\/\/www.bepindeeto.it\/banksy-a-conegliano-quando-larte-urbana-incontra-le-colline\/"},"wordCount":162,"publisher":{"@id":"https:\/\/www.bepindeeto.it\/#organization"},"image":{"@id":"https:\/\/www.bepindeeto.it\/banksy-a-conegliano-quando-larte-urbana-incontra-le-colline\/#primaryimage"},"thumbnailUrl":"https:\/\/www.bepindeeto.it\/wp-content\/uploads\/2025\/10\/Bepin-De-Eto-Bansky-e-la-street-art-Conegliano-1080x720-1.avif","keywords":["bansky"],"articleSection":["Bansky","Conegliano","Conegliano Valdobbiadene","Oktober 2025","Veneto","Veranstaltungen"],"inLanguage":"de"},{"@type":"WebPage","@id":"https:\/\/www.bepindeeto.it\/banksy-a-conegliano-quando-larte-urbana-incontra-le-colline\/","url":"https:\/\/www.bepindeeto.it\/banksy-a-conegliano-quando-larte-urbana-incontra-le-colline\/","name":"Banksy in Conegliano: Urban Art trifft auf die H\u00fcgel","isPartOf":{"@id":"https:\/\/www.bepindeeto.it\/#website"},"primaryImageOfPage":{"@id":"https:\/\/www.bepindeeto.it\/banksy-a-conegliano-quando-larte-urbana-incontra-le-colline\/#primaryimage"},"image":{"@id":"https:\/\/www.bepindeeto.it\/banksy-a-conegliano-quando-larte-urbana-incontra-le-colline\/#primaryimage"},"thumbnailUrl":"https:\/\/www.bepindeeto.it\/wp-content\/uploads\/2025\/10\/Bepin-De-Eto-Bansky-e-la-street-art-Conegliano-1080x720-1.avif","datePublished":"2025-10-18T08:04:09+00:00","dateModified":"2025-10-23T08:04:10+00:00","description":"In Conegliano bringt die Ausstellung \u201eBanksy und Street Art\u201c urbane Kunst in die H\u00fcgel, wo Tradition und Moderne aufeinandertreffen.","breadcrumb":{"@id":"https:\/\/www.bepindeeto.it\/banksy-a-conegliano-quando-larte-urbana-incontra-le-colline\/#breadcrumb"},"inLanguage":"de","potentialAction":[{"@type":"ReadAction","target":["https:\/\/www.bepindeeto.it\/banksy-a-conegliano-quando-larte-urbana-incontra-le-colline\/"]}]},{"@type":"ImageObject","inLanguage":"de","@id":"https:\/\/www.bepindeeto.it\/banksy-a-conegliano-quando-larte-urbana-incontra-le-colline\/#primaryimage","url":"https:\/\/www.bepindeeto.it\/wp-content\/uploads\/2025\/10\/Bepin-De-Eto-Bansky-e-la-street-art-Conegliano-1080x720-1.avif","contentUrl":"https:\/\/www.bepindeeto.it\/wp-content\/uploads\/2025\/10\/Bepin-De-Eto-Bansky-e-la-street-art-Conegliano-1080x720-1.avif","width":1080,"height":720,"caption":"Bepin De Eto Bansky e la street art - Conegliano 1080x720"},{"@type":"BreadcrumbList","@id":"https:\/\/www.bepindeeto.it\/banksy-a-conegliano-quando-larte-urbana-incontra-le-colline\/#breadcrumb","itemListElement":[{"@type":"ListItem","position":1,"name":"Home","item":"https:\/\/www.bepindeeto.it\/de\/startseite\/"},{"@type":"ListItem","position":2,"name":"Banksy in Conegliano: wenn die urbane Kunst auf die H\u00fcgel trifft"}]},{"@type":"WebSite","@id":"https:\/\/www.bepindeeto.it\/#website","url":"https:\/\/www.bepindeeto.it\/","name":"bepindeeto.it","description":"Vino. Opera di Famiglia. Dal 1965.","publisher":{"@id":"https:\/\/www.bepindeeto.it\/#organization"},"potentialAction":[{"@type":"SearchAction","target":{"@type":"EntryPoint","urlTemplate":"https:\/\/www.bepindeeto.it\/?s={search_term_string}"},"query-input":{"@type":"PropertyValueSpecification","valueRequired":true,"valueName":"search_term_string"}}],"inLanguage":"de"},{"@type":"Organization","@id":"https:\/\/www.bepindeeto.it\/#organization","name":"bepindeeto.it","url":"https:\/\/www.bepindeeto.it\/","logo":{"@type":"ImageObject","inLanguage":"de","@id":"https:\/\/www.bepindeeto.it\/#\/schema\/logo\/image\/","url":"https:\/\/www.bepindeeto.it\/wp-content\/uploads\/2024\/05\/Bepin-De-Eto-Logo-v-3.svg","contentUrl":"https:\/\/www.bepindeeto.it\/wp-content\/uploads\/2024\/05\/Bepin-De-Eto-Logo-v-3.svg","width":175,"height":204,"caption":"bepindeeto.it"},"image":{"@id":"https:\/\/www.bepindeeto.it\/#\/schema\/logo\/image\/"},"sameAs":["https:\/\/www.facebook.com\/cantinabepindeeto","https:\/\/www.instagram.com\/bepin_de_eto\/"]},{"@type":"Person","@id":"https:\/\/www.bepindeeto.it\/#\/schema\/person\/a4b9d50b3b0c3fed7c1ac1eb04421ab0","name":"admin","image":{"@type":"ImageObject","inLanguage":"de","@id":"https:\/\/www.bepindeeto.it\/wp-content\/litespeed\/avatar\/d48105e290dcb65276db0d55393ecabe.jpg?ver=1776893343","url":"https:\/\/www.bepindeeto.it\/wp-content\/litespeed\/avatar\/d48105e290dcb65276db0d55393ecabe.jpg?ver=1776893343","contentUrl":"https:\/\/www.bepindeeto.it\/wp-content\/litespeed\/avatar\/d48105e290dcb65276db0d55393ecabe.jpg?ver=1776893343","caption":"admin"},"sameAs":["https:\/\/www.bepindeeto.it"],"url":"https:\/\/www.bepindeeto.it\/de\/author\/webmaster_5h6q70o6\/"}]}},"_links":{"self":[{"href":"https:\/\/www.bepindeeto.it\/de\/wp-json\/wp\/v2\/posts\/3829","targetHints":{"allow":["GET"]}}],"collection":[{"href":"https:\/\/www.bepindeeto.it\/de\/wp-json\/wp\/v2\/posts"}],"about":[{"href":"https:\/\/www.bepindeeto.it\/de\/wp-json\/wp\/v2\/types\/post"}],"author":[{"embeddable":true,"href":"https:\/\/www.bepindeeto.it\/de\/wp-json\/wp\/v2\/users\/1"}],"replies":[{"embeddable":true,"href":"https:\/\/www.bepindeeto.it\/de\/wp-json\/wp\/v2\/comments?post=3829"}],"version-history":[{"count":0,"href":"https:\/\/www.bepindeeto.it\/de\/wp-json\/wp\/v2\/posts\/3829\/revisions"}],"wp:featuredmedia":[{"embeddable":true,"href":"https:\/\/www.bepindeeto.it\/de\/wp-json\/wp\/v2\/media\/3810"}],"wp:attachment":[{"href":"https:\/\/www.bepindeeto.it\/de\/wp-json\/wp\/v2\/media?parent=3829"}],"wp:term":[{"taxonomy":"category","embeddable":true,"href":"https:\/\/www.bepindeeto.it\/de\/wp-json\/wp\/v2\/categories?post=3829"},{"taxonomy":"post_tag","embeddable":true,"href":"https:\/\/www.bepindeeto.it\/de\/wp-json\/wp\/v2\/tags?post=3829"}],"curies":[{"name":"wp","href":"https:\/\/api.w.org\/{rel}","templated":true}]}}